{"headers": {"id": "ID", "periodo": "Per\u00edodo", "titulo": "Mat\u00e9ria", "autor": "Autor", "ementa": "Ementa", "situacao": "Situa\u00e7\u00e3o"}, "results": [{"id": 462, "periodo": "ordem dia", "titulo": "Projeto de Lei Ordin\u00e1ria n\u00ba 20 de 2026", "autor": "Executivo Municipal - PREF", "ementa": "ALTERA A LEI N\u00b0 960, DE 14 DE SETEMBRO DE 2007.", "situacao": "Proposi\u00e7\u00e3o Inclu\u00edda na Pauta - 1\u00aa Discuss\u00e3o"}, {"id": 462, "periodo": "ordem dia", "titulo": "Projeto de Lei Ordin\u00e1ria n\u00ba 20 de 2026", "autor": "Executivo Municipal - PREF", "ementa": "ALTERA A LEI N\u00b0 960, DE 14 DE SETEMBRO DE 2007.", "situacao": "Pedido de Dispensa da 2\u00ba Discuss\u00e3o"}, {"id": 462, "periodo": "ordem dia", "titulo": "Projeto de Lei Ordin\u00e1ria n\u00ba 20 de 2026", "autor": "Executivo Municipal - PREF", "ementa": "ALTERA A LEI N\u00b0 960, DE 14 DE SETEMBRO DE 2007.", "situacao": "Mat\u00e9ria Votada Sem Segunda Discuss\u00e3o"}, {"id": 464, "periodo": "ordem dia", "titulo": "Projeto de Lei Ordin\u00e1ria n\u00ba 21 de 2026", "autor": "Executivo Municipal - PREF", "ementa": "AUTORIZA O PODER EXECUTIVO MUNICIPAL A RECEBER IM\u00d3VEL EM DA\u00c7\u00c3O EM PAGAMENTO PARA A QUITA\u00c7\u00c3O DE CR\u00c9DITOS TRIBUT\u00c1RIOS, COM A INCORPORA\u00c7\u00c3O DO VALOR REMANESCENTE AO PATRIM\u00d4NIO P\u00daBLICO POR DESTINA\u00c7\u00c3O ESTATUT\u00c1RIA, E D\u00c1 OUTRAS PROVID\u00caNCIAS.", "situacao": "Proposi\u00e7\u00e3o Inclu\u00edda na Pauta - 1\u00aa Discuss\u00e3o"}, {"id": 464, "periodo": "ordem dia", "titulo": "Projeto de Lei Ordin\u00e1ria n\u00ba 21 de 2026", "autor": "Executivo Municipal - PREF", "ementa": "AUTORIZA O PODER EXECUTIVO MUNICIPAL A RECEBER IM\u00d3VEL EM DA\u00c7\u00c3O EM PAGAMENTO PARA A QUITA\u00c7\u00c3O DE CR\u00c9DITOS TRIBUT\u00c1RIOS, COM A INCORPORA\u00c7\u00c3O DO VALOR REMANESCENTE AO PATRIM\u00d4NIO P\u00daBLICO POR DESTINA\u00c7\u00c3O ESTATUT\u00c1RIA, E D\u00c1 OUTRAS PROVID\u00caNCIAS.", "situacao": "Pedido de Dispensa da 2\u00ba Discuss\u00e3o"}, {"id": 464, "periodo": "ordem dia", "titulo": "Projeto de Lei Ordin\u00e1ria n\u00ba 21 de 2026", "autor": "Executivo Municipal - PREF", "ementa": "AUTORIZA O PODER EXECUTIVO MUNICIPAL A RECEBER IM\u00d3VEL EM DA\u00c7\u00c3O EM PAGAMENTO PARA A QUITA\u00c7\u00c3O DE CR\u00c9DITOS TRIBUT\u00c1RIOS, COM A INCORPORA\u00c7\u00c3O DO VALOR REMANESCENTE AO PATRIM\u00d4NIO P\u00daBLICO POR DESTINA\u00c7\u00c3O ESTATUT\u00c1RIA, E D\u00c1 OUTRAS PROVID\u00caNCIAS.", "situacao": "Mat\u00e9ria Votada Sem Segunda Discuss\u00e3o"}, {"id": 470, "periodo": "ordem dia", "titulo": "Projeto de Lei Ordin\u00e1ria n\u00ba 22 de 2026", "autor": "Executivo Municipal - PREF", "ementa": "AUTORIZA O PODER EXECUTIVO A CONTRATAR OPERA\u00c7\u00c3O DE CR\u00c9DITO COM A CAIXA ECON\u00d4MICA FEDERAL, E D\u00c1 OUTRAS PROVID\u00caNCIAS.", "situacao": "Proposi\u00e7\u00e3o Inclu\u00edda na Pauta - 1\u00aa Discuss\u00e3o"}, {"id": 470, "periodo": "ordem dia", "titulo": "Projeto de Lei Ordin\u00e1ria n\u00ba 22 de 2026", "autor": "Executivo Municipal - PREF", "ementa": "AUTORIZA O PODER EXECUTIVO A CONTRATAR OPERA\u00c7\u00c3O DE CR\u00c9DITO COM A CAIXA ECON\u00d4MICA FEDERAL, E D\u00c1 OUTRAS PROVID\u00caNCIAS.", "situacao": "Pedido de Dispensa da 2\u00ba Discuss\u00e3o"}, {"id": 470, "periodo": "ordem dia", "titulo": "Projeto de Lei Ordin\u00e1ria n\u00ba 22 de 2026", "autor": "Executivo Municipal - PREF", "ementa": "AUTORIZA O PODER EXECUTIVO A CONTRATAR OPERA\u00c7\u00c3O DE CR\u00c9DITO COM A CAIXA ECON\u00d4MICA FEDERAL, E D\u00c1 OUTRAS PROVID\u00caNCIAS.", "situacao": "Mat\u00e9ria Votada Sem Segunda Discuss\u00e3o"}]}